{"id":60,"date":"2020-12-08T10:59:45","date_gmt":"2020-12-08T10:59:45","guid":{"rendered":"https:\/\/invanep.com\/congreso-2021\/?p=60"},"modified":"2021-02-07T16:48:04","modified_gmt":"2021-02-07T16:48:04","slug":"normas-comunicaciones","status":"publish","type":"post","link":"https:\/\/invanep.com\/congreso-2021\/formacion\/normas-comunicaciones\/","title":{"rendered":"Comunicaciones"},"content":{"rendered":"\n<p><strong>El env\u00edo de los res\u00famenes implica la aceptaci\u00f3n de todas las normas y\u00a0deber\u00e1n remitirse\u00a0antes del <s>5 de febrero de 2021<\/s>.<\/strong> AMPLIADO 15 FEBRERO.<\/p>\n\n\n\n<hr class=\"wp-block-separator\"\/>\n\n\n\n<p><strong>1. El env\u00edo de los res\u00famenes se har\u00e1 en formato Word y se encabezar\u00e1 con la siguiente informaci\u00f3n:<\/strong><\/p>\n\n\n\n<p>\u2022&nbsp;<strong>T\u00edtulo:<\/strong>&nbsp;se redactar\u00e1 en may\u00fasculas.<\/p>\n\n\n\n<p>\u2022&nbsp;<strong>Autores<\/strong>: nombre y apellido de todos los autores empezando por el autor principal.<\/p>\n\n\n\n<p>\u2022&nbsp;<strong>Centro de trabajo:<\/strong>&nbsp;debe aparecer el servicio y centro de trabajo de cada uno de los autores.<\/p>\n\n\n\n<p>*No sobrepasar un n\u00famero m\u00e1ximo de 6 firmantes<br>*<strong>&nbsp;<\/strong>La&nbsp;presentaci\u00f3n ser\u00e1<strong> en formato poster<\/strong>. Los posters admitidos ser\u00e1n expuestos en la web del congreso.<\/p>\n\n\n\n<hr class=\"wp-block-separator\"\/>\n\n\n\n<div class=\"wp-block-group\"><div class=\"wp-block-group__inner-container\">\n<p><strong>2. Los res\u00famenes se estructurar\u00e1n seg\u00fan el esquema siguiente:<\/strong><\/p>\n\n\n\n<p>\u2022 Se dividir\u00e1 el resumen en los siguientes apartados:&nbsp;<\/p>\n\n\n\n<p><strong>&#8211; Introducci\u00f3n.&nbsp;<\/strong><\/p>\n\n\n\n<p><strong>&#8211; Objetivos.&nbsp;<\/strong><\/p>\n\n\n\n<p><strong>&#8211; Pacientes y m\u00e9todo.<\/strong><\/p>\n\n\n\n<p><strong>&#8211; Resultados.&nbsp;<\/strong><\/p>\n\n\n\n<p><strong>&#8211;&nbsp;Conclusiones.<\/strong><\/p>\n\n\n\n<p>Con la adaptaci\u00f3n pertinente para casos cl\u00ednicos (Introducci\u00f3n. Caso Cl\u00ednico. Conclusiones).<\/p>\n<\/div><\/div>\n\n\n\n<hr class=\"wp-block-separator\"\/>\n\n\n\n<p><strong>3.&nbsp;El texto no incluir\u00e1 referencias al nombre del centro de trabajo ni identificaci\u00f3n con una iniciativa empresarial o laboratorio.&nbsp;<\/strong><\/p>\n\n\n\n<p>&#8211; No a\u00f1ada punto y aparte al final de cada apartado.<\/p>\n\n\n\n<p>&#8211; Extensi\u00f3n m\u00e1xima: 250 palabras.<\/p>\n\n\n\n<p>&#8211; El tipo y tama\u00f1o de letra ser\u00e1 Arial 12.&nbsp;<\/p>\n\n\n\n<p>&#8211; No se admiten tablas gr\u00e1ficas ni im\u00e1genes ni bibliograf\u00eda.<\/p>\n\n\n\n<hr class=\"wp-block-separator\"\/>\n\n\n\n<p><strong>4. El env\u00edo de los res\u00famenes implica la aceptaci\u00f3n de todas las normas de presentaci\u00f3n y\u00a0deber\u00e1 remitirse\u00a0antes del <s>5 de febrero de 2021<\/s><\/strong> AMPLIADO 15 FEBRERO\u00a0a la secretar\u00eda t\u00e9cnica, THEORIA Congresos,\u00a0 al siguiente correo electr\u00f3nico:\u00a0<br><a rel=\"noreferrer noopener\" href=\"mailto:info@theoriacongresos.com\" target=\"_blank\">info@theoriacongresos.com<\/a><\/p>\n\n\n\n<hr class=\"wp-block-separator\"\/>\n\n\n\n<p><strong>5. El incumplimiento de las normas de redacci\u00f3n y env\u00edo puede suponer, a juicio del Comit\u00e9 Organizador, su devoluci\u00f3n a los autores para una nueva redacci\u00f3n o su rechazo definitivo.<\/strong><\/p>\n\n\n\n<hr class=\"wp-block-separator\"\/>\n\n\n\n<p><strong>6. Los posters aceptados&nbsp;se enviar\u00e1 en archivo PDF, <\/strong>para su inclusi\u00f3n en la web del Congreso, <strong>antes del 1 de marzo de 2021<\/strong>. <br>Se enviar\u00e1 a la <strong>secretar\u00eda t\u00e9cnica, THEORIA Congresos,&nbsp; por correo electr\u00f3nico:&nbsp;<a rel=\"noreferrer noopener\" href=\"mailto:info@theoriacongresos.com\" target=\"_blank\">info@theoriacongresos.com<\/a>&nbsp;<\/strong><\/p>\n","protected":false},"excerpt":{"rendered":"<p>El env\u00edo de los res\u00famenes implica la aceptaci\u00f3n de todas las normas y\u00a0deber\u00e1n remitirse\u00a0antes del 5 de febrero de 2021. &hellip; <\/p>\n","protected":false},"author":1,"featured_media":161,"comment_status":"closed","ping_status":"closed","sticky":true,"template":"","format":"standard","meta":[],"categories":[4],"tags":[],"_links":{"self":[{"href":"https:\/\/invanep.com\/congreso-2021\/wp-json\/wp\/v2\/posts\/60"}],"collection":[{"href":"https:\/\/invanep.com\/congreso-2021\/wp-json\/wp\/v2\/posts"}],"about":[{"href":"https:\/\/invanep.com\/congreso-2021\/wp-json\/wp\/v2\/types\/post"}],"author":[{"embeddable":true,"href":"https:\/\/invanep.com\/congreso-2021\/wp-json\/wp\/v2\/users\/1"}],"replies":[{"embeddable":true,"href":"https:\/\/invanep.com\/congreso-2021\/wp-json\/wp\/v2\/comments?post=60"}],"version-history":[{"count":30,"href":"https:\/\/invanep.com\/congreso-2021\/wp-json\/wp\/v2\/posts\/60\/revisions"}],"predecessor-version":[{"id":365,"href":"https:\/\/invanep.com\/congreso-2021\/wp-json\/wp\/v2\/posts\/60\/revisions\/365"}],"wp:featuredmedia":[{"embeddable":true,"href":"https:\/\/invanep.com\/congreso-2021\/wp-json\/wp\/v2\/media\/161"}],"wp:attachment":[{"href":"https:\/\/invanep.com\/congreso-2021\/wp-json\/wp\/v2\/media?parent=60"}],"wp:term":[{"taxonomy":"category","embeddable":true,"href":"https:\/\/invanep.com\/congreso-2021\/wp-json\/wp\/v2\/categories?post=60"},{"taxonomy":"post_tag","embeddable":true,"href":"https:\/\/invanep.com\/congreso-2021\/wp-json\/wp\/v2\/tags?post=60"}],"curies":[{"name":"wp","href":"https:\/\/api.w.org\/{rel}","templated":true}]}}