{"id":57,"date":"2020-12-08T10:57:39","date_gmt":"2020-12-08T10:57:39","guid":{"rendered":"https:\/\/invanep.com\/congreso-2021\/?p=57"},"modified":"2021-03-03T17:21:44","modified_gmt":"2021-03-03T17:21:44","slug":"ponentes","status":"publish","type":"post","link":"https:\/\/invanep.com\/congreso-2021\/formacion\/ponentes\/","title":{"rendered":"Ponentes"},"content":{"rendered":"\n<ul><li><strong>Alca\u00f1iz, Mariano<\/strong>: Catedr\u00e1tico de Ingenier\u00eda Biom\u00e9dica de la Universidad Polit\u00e9cnica de Valencia. Director del Instituto LENl-I3B de la UPV (Valencia).<\/li><li><strong>Cortese, Samuele: <\/strong>Catedr\u00e1tico de Psiquiatr\u00eda en la Universidad de Southampton (Inglaterra).<\/li><li><strong>Fern\u00e1ndez Ja\u00e9n, Alberto<\/strong>: Neuropediatra. Responsable de la Unidad de Neurolog\u00eda Infantil. Hospital Universitario Quir\u00f3n (Madrid).<\/li><li><strong>Gaona, V\u00edctor<\/strong>: Neuropediatra. Presidente de la Academia Iberoamericana de Neurolog\u00eda Pedi\u00e1trica (AINP). Centro M\u00e9dico La Costa. Centro de Neurolog\u00eda y Neurofisiolog\u00eda Pedi\u00e1trica (Asunci\u00f3n. Paraguay) .<\/li><li><strong>Herv\u00e1s, Amaia<\/strong>: Psiquiatra infanto-juvenil. Jefe de Psiquiatr\u00eda infantil y juvenil. Hospital Universitario Mutua de Tarrasa. Directora de la UETD. Hospital Sant Joan de Deu (Barcelona).<\/li><li><strong>Izquierdo, Luis<\/strong>: Genetista. Director M\u00e9dico de Veritas Intercontinental. (Madrid).<\/li><li><strong>Klin, Ami<\/strong>:&nbsp; Director of Marcus Autism Center at Children&#8217;s Healthcare of Atlanta and Emory University School of Medicine (Atlanta. USA).<\/li><li><strong>Mart\u00ednez, Salvador<\/strong>: Catedr\u00e1tico del Dpto. de Histolog\u00eda y Anatom\u00eda Humana, F. de Medicina de la Universidad Miguel Hern\u00e1ndez, Elche. Investigador del Instituto de Neurociencias. Director del laboratorio de Embriolog\u00eda Experimental del Instituto de Neurociencias, UMH-CSIC. (Alicante).<\/li><li><strong>Miranda, Ana<\/strong>: Catedr\u00e1tica em\u00e9rita de Psicolog\u00eda Evolutiva y de la Educaci\u00f3n. Facultad de Psicolog\u00eda. U. de Valencia.<\/li><li><strong>Ramos-Quiroga, Josep Antoni<\/strong>: Jefe del Servicio de Psiquiatr\u00eda. Hospital Universitario Vall d\u00b4Hebr\u00f3n (Barcelona).<\/li><li><strong>Ruggieri, V\u00edctor<\/strong>: Neuropediatra. Miembro del Comit\u00e9 Cient\u00edfico de la Fundaci\u00f3n Hospital Garrahan (Buenos Aires. Argentina).<\/li><li><strong>Sastre, Sylvia<\/strong>: Catedr\u00e1tica de Psicolog\u00eda Evolutiva. Facultad de Psicolog\u00eda. Universidad de La Rioja (Logro\u00f1o).<\/li><li><strong>Soutullo, C\u00e9sar<\/strong>: Child &amp; Adolescent Psychiatrist. The University of Texas Health Science Ctr at Houston (USA).<\/li><li><strong>Tirapu, Javier<\/strong>: Neuropsic\u00f3logo cl\u00ednico. Servicio de rehabilitaci\u00f3n neurol\u00f3gica del Complejo Hospitalario de Navarra (Cl\u00ednica Ubarmin). Director t\u00e9cnico y cient\u00edfico de la Fundaci\u00f3n Argibide (Pamplona).<\/li><\/ul>\n\n\n\n<div class=\"wp-block-group\"><div class=\"wp-block-group__inner-container\"><\/div><\/div>\n\n\n\n<div class=\"wp-block-group\"><div class=\"wp-block-group__inner-container\">\n<div class=\"wp-block-columns\">\n<div class=\"wp-block-column\"><\/div>\n\n\n\n<div class=\"wp-block-column\"><\/div>\n<\/div>\n<\/div><\/div>\n\n\n\n<div class=\"wp-block-group\"><div class=\"wp-block-group__inner-container\">\n<figure class=\"wp-block-gallery columns-3 is-cropped\"><ul class=\"blocks-gallery-grid\"><li class=\"blocks-gallery-item\"><figure><img loading=\"lazy\" width=\"768\" height=\"1024\" src=\"https:\/\/invanep.com\/congreso-2021\/wp-content\/uploads\/2021\/02\/Dr_Alcaniz-768x1024.jpg\" alt=\"\" data-id=\"425\" data-link=\"https:\/\/invanep.com\/congreso-2021\/dr_alcaniz\/\" class=\"wp-image-425\" srcset=\"https:\/\/invanep.com\/congreso-2021\/wp-content\/uploads\/2021\/02\/Dr_Alcaniz-768x1024.jpg 768w, https:\/\/invanep.com\/congreso-2021\/wp-content\/uploads\/2021\/02\/Dr_Alcaniz-225x300.jpg 225w, https:\/\/invanep.com\/congreso-2021\/wp-content\/uploads\/2021\/02\/Dr_Alcaniz-1152x1536.jpg 1152w, https:\/\/invanep.com\/congreso-2021\/wp-content\/uploads\/2021\/02\/Dr_Alcaniz-1536x2048.jpg 1536w, https:\/\/invanep.com\/congreso-2021\/wp-content\/uploads\/2021\/02\/Dr_Alcaniz-scaled.jpg 1920w\" sizes=\"(max-width: 768px) 100vw, 768px\" \/><figcaption class=\"blocks-gallery-item__caption\"><strong>Alca\u00f1iz, Mariano<\/strong><\/figcaption><\/figure><\/li><li class=\"blocks-gallery-item\"><figure><img loading=\"lazy\" width=\"348\" height=\"400\" src=\"https:\/\/invanep.com\/congreso-2021\/wp-content\/uploads\/2021\/02\/Dr_Cortese.png\" alt=\"\" data-id=\"426\" data-link=\"https:\/\/invanep.com\/congreso-2021\/dr_cortese\/\" class=\"wp-image-426\" srcset=\"https:\/\/invanep.com\/congreso-2021\/wp-content\/uploads\/2021\/02\/Dr_Cortese.png 348w, https:\/\/invanep.com\/congreso-2021\/wp-content\/uploads\/2021\/02\/Dr_Cortese-261x300.png 261w\" sizes=\"(max-width: 348px) 100vw, 348px\" \/><figcaption class=\"blocks-gallery-item__caption\"><strong>Cortese, Samuele<\/strong><\/figcaption><\/figure><\/li><li class=\"blocks-gallery-item\"><figure><img loading=\"lazy\" width=\"361\" height=\"241\" src=\"https:\/\/invanep.com\/congreso-2021\/wp-content\/uploads\/2021\/02\/Dr_Fernandez.jpg\" alt=\"\" data-id=\"427\" data-link=\"https:\/\/invanep.com\/congreso-2021\/dr_fernandez\/\" class=\"wp-image-427\" srcset=\"https:\/\/invanep.com\/congreso-2021\/wp-content\/uploads\/2021\/02\/Dr_Fernandez.jpg 361w, https:\/\/invanep.com\/congreso-2021\/wp-content\/uploads\/2021\/02\/Dr_Fernandez-300x200.jpg 300w\" sizes=\"(max-width: 361px) 100vw, 361px\" \/><figcaption class=\"blocks-gallery-item__caption\"><strong>Fern\u00e1ndez Ja\u00e9n, Alberto<\/strong><\/figcaption><\/figure><\/li><li class=\"blocks-gallery-item\"><figure><img loading=\"lazy\" width=\"208\" height=\"255\" src=\"https:\/\/invanep.com\/congreso-2021\/wp-content\/uploads\/2021\/02\/Dr_Gaona.png\" alt=\"\" data-id=\"428\" data-link=\"https:\/\/invanep.com\/congreso-2021\/dr_gaona\/\" class=\"wp-image-428\"\/><figcaption class=\"blocks-gallery-item__caption\"><strong><strong>Gaona, V\u00edctor<\/strong><\/strong><\/figcaption><\/figure><\/li><li class=\"blocks-gallery-item\"><figure><img loading=\"lazy\" width=\"565\" height=\"680\" src=\"https:\/\/invanep.com\/congreso-2021\/wp-content\/uploads\/2021\/02\/Dra_Hervas.png\" alt=\"\" data-id=\"463\" data-link=\"https:\/\/invanep.com\/congreso-2021\/dra_hervas\/\" class=\"wp-image-463\" srcset=\"https:\/\/invanep.com\/congreso-2021\/wp-content\/uploads\/2021\/02\/Dra_Hervas.png 565w, https:\/\/invanep.com\/congreso-2021\/wp-content\/uploads\/2021\/02\/Dra_Hervas-249x300.png 249w\" sizes=\"(max-width: 565px) 100vw, 565px\" \/><figcaption class=\"blocks-gallery-item__caption\">Herv\u00e1s, Amaia<\/figcaption><\/figure><\/li><li class=\"blocks-gallery-item\"><figure><img loading=\"lazy\" width=\"1024\" height=\"564\" src=\"https:\/\/invanep.com\/congreso-2021\/wp-content\/uploads\/2021\/02\/Dr_Izquierdo-1024x564.jpg\" alt=\"\" data-id=\"429\" data-link=\"https:\/\/invanep.com\/congreso-2021\/dr_izquierdo\/\" class=\"wp-image-429\" srcset=\"https:\/\/invanep.com\/congreso-2021\/wp-content\/uploads\/2021\/02\/Dr_Izquierdo-1024x564.jpg 1024w, https:\/\/invanep.com\/congreso-2021\/wp-content\/uploads\/2021\/02\/Dr_Izquierdo-300x165.jpg 300w, https:\/\/invanep.com\/congreso-2021\/wp-content\/uploads\/2021\/02\/Dr_Izquierdo-768x423.jpg 768w, https:\/\/invanep.com\/congreso-2021\/wp-content\/uploads\/2021\/02\/Dr_Izquierdo-1536x846.jpg 1536w, https:\/\/invanep.com\/congreso-2021\/wp-content\/uploads\/2021\/02\/Dr_Izquierdo.jpg 1701w\" sizes=\"(max-width: 1024px) 100vw, 1024px\" \/><figcaption class=\"blocks-gallery-item__caption\"><strong>Izquierdo, Luis<\/strong><\/figcaption><\/figure><\/li><li class=\"blocks-gallery-item\"><figure><img loading=\"lazy\" width=\"222\" height=\"297\" src=\"https:\/\/invanep.com\/congreso-2021\/wp-content\/uploads\/2021\/02\/Dr_Klin.png\" alt=\"\" data-id=\"430\" data-link=\"https:\/\/invanep.com\/congreso-2021\/dr_klin\/\" class=\"wp-image-430\"\/><figcaption class=\"blocks-gallery-item__caption\"><strong>Klin, Ami<\/strong><\/figcaption><\/figure><\/li><li class=\"blocks-gallery-item\"><figure><img loading=\"lazy\" width=\"768\" height=\"1024\" src=\"https:\/\/invanep.com\/congreso-2021\/wp-content\/uploads\/2021\/03\/Dr_Martinez.jpg\" alt=\"\" data-id=\"545\" data-link=\"https:\/\/invanep.com\/congreso-2021\/dr_martinez\/\" class=\"wp-image-545\" srcset=\"https:\/\/invanep.com\/congreso-2021\/wp-content\/uploads\/2021\/03\/Dr_Martinez.jpg 768w, https:\/\/invanep.com\/congreso-2021\/wp-content\/uploads\/2021\/03\/Dr_Martinez-225x300.jpg 225w\" sizes=\"(max-width: 768px) 100vw, 768px\" \/><figcaption class=\"blocks-gallery-item__caption\">Mart\u00ednez, Salvador<\/figcaption><\/figure><\/li><li class=\"blocks-gallery-item\"><figure><img loading=\"lazy\" width=\"1024\" height=\"902\" src=\"https:\/\/invanep.com\/congreso-2021\/wp-content\/uploads\/2021\/02\/Dra_Miranda-1024x902.jpg\" alt=\"\" data-id=\"434\" data-link=\"https:\/\/invanep.com\/congreso-2021\/dra_miranda\/\" class=\"wp-image-434\" srcset=\"https:\/\/invanep.com\/congreso-2021\/wp-content\/uploads\/2021\/02\/Dra_Miranda-1024x902.jpg 1024w, https:\/\/invanep.com\/congreso-2021\/wp-content\/uploads\/2021\/02\/Dra_Miranda-300x264.jpg 300w, https:\/\/invanep.com\/congreso-2021\/wp-content\/uploads\/2021\/02\/Dra_Miranda-768x677.jpg 768w, https:\/\/invanep.com\/congreso-2021\/wp-content\/uploads\/2021\/02\/Dra_Miranda-1536x1353.jpg 1536w, https:\/\/invanep.com\/congreso-2021\/wp-content\/uploads\/2021\/02\/Dra_Miranda.jpg 1680w\" sizes=\"(max-width: 1024px) 100vw, 1024px\" \/><figcaption class=\"blocks-gallery-item__caption\"><strong>Miranda, Ana<\/strong><\/figcaption><\/figure><\/li><li class=\"blocks-gallery-item\"><figure><img loading=\"lazy\" width=\"1024\" height=\"683\" src=\"https:\/\/invanep.com\/congreso-2021\/wp-content\/uploads\/2021\/02\/Dr_Ramos-1024x683.jpg\" alt=\"\" data-id=\"435\" data-link=\"https:\/\/invanep.com\/congreso-2021\/dr_ramos\/\" class=\"wp-image-435\" srcset=\"https:\/\/invanep.com\/congreso-2021\/wp-content\/uploads\/2021\/02\/Dr_Ramos-1024x683.jpg 1024w, https:\/\/invanep.com\/congreso-2021\/wp-content\/uploads\/2021\/02\/Dr_Ramos-300x200.jpg 300w, https:\/\/invanep.com\/congreso-2021\/wp-content\/uploads\/2021\/02\/Dr_Ramos-768x512.jpg 768w, https:\/\/invanep.com\/congreso-2021\/wp-content\/uploads\/2021\/02\/Dr_Ramos-1536x1024.jpg 1536w, https:\/\/invanep.com\/congreso-2021\/wp-content\/uploads\/2021\/02\/Dr_Ramos-2048x1365.jpg 2048w\" sizes=\"(max-width: 1024px) 100vw, 1024px\" \/><figcaption class=\"blocks-gallery-item__caption\"><strong>Ramos-Quiroga, Josep Antoni<\/strong><\/figcaption><\/figure><\/li><li class=\"blocks-gallery-item\"><figure><img loading=\"lazy\" width=\"822\" height=\"993\" src=\"https:\/\/invanep.com\/congreso-2021\/wp-content\/uploads\/2021\/02\/Dr_Ruggieri.jpg\" alt=\"\" data-id=\"431\" data-link=\"https:\/\/invanep.com\/congreso-2021\/dr_ruggieri\/\" class=\"wp-image-431\" srcset=\"https:\/\/invanep.com\/congreso-2021\/wp-content\/uploads\/2021\/02\/Dr_Ruggieri.jpg 822w, https:\/\/invanep.com\/congreso-2021\/wp-content\/uploads\/2021\/02\/Dr_Ruggieri-248x300.jpg 248w, https:\/\/invanep.com\/congreso-2021\/wp-content\/uploads\/2021\/02\/Dr_Ruggieri-768x928.jpg 768w\" sizes=\"(max-width: 822px) 100vw, 822px\" \/><figcaption class=\"blocks-gallery-item__caption\"><strong>Ruggieri, V\u00edctor<\/strong><\/figcaption><\/figure><\/li><li class=\"blocks-gallery-item\"><figure><img loading=\"lazy\" width=\"523\" height=\"523\" src=\"https:\/\/invanep.com\/congreso-2021\/wp-content\/uploads\/2021\/02\/Dra_Sastre_i_Riba.png\" alt=\"\" data-id=\"423\" data-link=\"https:\/\/invanep.com\/congreso-2021\/dra_sastre_i_riba\/\" class=\"wp-image-423\" srcset=\"https:\/\/invanep.com\/congreso-2021\/wp-content\/uploads\/2021\/02\/Dra_Sastre_i_Riba.png 523w, https:\/\/invanep.com\/congreso-2021\/wp-content\/uploads\/2021\/02\/Dra_Sastre_i_Riba-300x300.png 300w, https:\/\/invanep.com\/congreso-2021\/wp-content\/uploads\/2021\/02\/Dra_Sastre_i_Riba-150x150.png 150w, https:\/\/invanep.com\/congreso-2021\/wp-content\/uploads\/2021\/02\/Dra_Sastre_i_Riba-70x70.png 70w, https:\/\/invanep.com\/congreso-2021\/wp-content\/uploads\/2021\/02\/Dra_Sastre_i_Riba-246x246.png 246w, https:\/\/invanep.com\/congreso-2021\/wp-content\/uploads\/2021\/02\/Dra_Sastre_i_Riba-276x276.png 276w, https:\/\/invanep.com\/congreso-2021\/wp-content\/uploads\/2021\/02\/Dra_Sastre_i_Riba-125x125.png 125w\" sizes=\"(max-width: 523px) 100vw, 523px\" \/><figcaption class=\"blocks-gallery-item__caption\"><strong>Sastre, Sylvia<\/strong><\/figcaption><\/figure><\/li><li class=\"blocks-gallery-item\"><figure><img loading=\"lazy\" width=\"180\" height=\"225\" src=\"https:\/\/invanep.com\/congreso-2021\/wp-content\/uploads\/2021\/02\/Dr_Soutullo.jpg\" alt=\"\" data-id=\"432\" data-link=\"https:\/\/invanep.com\/congreso-2021\/dr_soutullo\/\" class=\"wp-image-432\"\/><figcaption class=\"blocks-gallery-item__caption\"><strong>Soutullo, C\u00e9sar<\/strong><\/figcaption><\/figure><\/li><li class=\"blocks-gallery-item\"><figure><img loading=\"lazy\" width=\"370\" height=\"207\" src=\"https:\/\/invanep.com\/congreso-2021\/wp-content\/uploads\/2021\/02\/Dr_Tirapu.jpg\" alt=\"\" data-id=\"433\" data-link=\"https:\/\/invanep.com\/congreso-2021\/dr_tirapu\/\" class=\"wp-image-433\" srcset=\"https:\/\/invanep.com\/congreso-2021\/wp-content\/uploads\/2021\/02\/Dr_Tirapu.jpg 370w, https:\/\/invanep.com\/congreso-2021\/wp-content\/uploads\/2021\/02\/Dr_Tirapu-300x168.jpg 300w\" sizes=\"(max-width: 370px) 100vw, 370px\" \/><figcaption class=\"blocks-gallery-item__caption\"><strong>Tirapu, Javier<\/strong><\/figcaption><\/figure><\/li><li class=\"blocks-gallery-item\"><figure><img loading=\"lazy\" width=\"222\" height=\"297\" src=\"https:\/\/invanep.com\/congreso-2021\/wp-content\/uploads\/2021\/03\/Sin-titulo.png\" alt=\"\" data-id=\"547\" data-full-url=\"https:\/\/invanep.com\/congreso-2021\/wp-content\/uploads\/2021\/03\/Sin-titulo.png\" data-link=\"https:\/\/invanep.com\/congreso-2021\/formacion\/ponentes\/attachment\/sin-titulo\/\" class=\"wp-image-547\"\/><\/figure><\/li><\/ul><\/figure>\n<\/div><\/div>\n","protected":false},"excerpt":{"rendered":"<p>Alca\u00f1iz, Mariano: Catedr\u00e1tico de Ingenier\u00eda Biom\u00e9dica de la Universidad Polit\u00e9cnica de Valencia. Director del Instituto LENl-I3B de la UPV (Valencia). &hellip; <\/p>\n","protected":false},"author":1,"featured_media":161,"comment_status":"closed","ping_status":"closed","sticky":true,"template":"","format":"standard","meta":[],"categories":[4],"tags":[],"_links":{"self":[{"href":"https:\/\/invanep.com\/congreso-2021\/wp-json\/wp\/v2\/posts\/57"}],"collection":[{"href":"https:\/\/invanep.com\/congreso-2021\/wp-json\/wp\/v2\/posts"}],"about":[{"href":"https:\/\/invanep.com\/congreso-2021\/wp-json\/wp\/v2\/types\/post"}],"author":[{"embeddable":true,"href":"https:\/\/invanep.com\/congreso-2021\/wp-json\/wp\/v2\/users\/1"}],"replies":[{"embeddable":true,"href":"https:\/\/invanep.com\/congreso-2021\/wp-json\/wp\/v2\/comments?post=57"}],"version-history":[{"count":20,"href":"https:\/\/invanep.com\/congreso-2021\/wp-json\/wp\/v2\/posts\/57\/revisions"}],"predecessor-version":[{"id":548,"href":"https:\/\/invanep.com\/congreso-2021\/wp-json\/wp\/v2\/posts\/57\/revisions\/548"}],"wp:featuredmedia":[{"embeddable":true,"href":"https:\/\/invanep.com\/congreso-2021\/wp-json\/wp\/v2\/media\/161"}],"wp:attachment":[{"href":"https:\/\/invanep.com\/congreso-2021\/wp-json\/wp\/v2\/media?parent=57"}],"wp:term":[{"taxonomy":"category","embeddable":true,"href":"https:\/\/invanep.com\/congreso-2021\/wp-json\/wp\/v2\/categories?post=57"},{"taxonomy":"post_tag","embeddable":true,"href":"https:\/\/invanep.com\/congreso-2021\/wp-json\/wp\/v2\/tags?post=57"}],"curies":[{"name":"wp","href":"https:\/\/api.w.org\/{rel}","templated":true}]}}